{"id":16,"date":"2015-07-05T16:53:55","date_gmt":"2015-07-05T14:53:55","guid":{"rendered":"http:\/\/www.noleggio-arona.it\/news\/?p=16"},"modified":"2015-07-05T18:14:25","modified_gmt":"2015-07-05T16:14:25","slug":"permuta-usato-se-passi-al-noleggio","status":"publish","type":"post","link":"http:\/\/www.noleggio-arona.it\/news\/notizie-noleggio-lungo-termine\/permuta-usato-se-passi-al-noleggio","title":{"rendered":"Permuta usato&#8230;.se passi al noleggio."},"content":{"rendered":"<p><strong>Da oggi, il tuo usato non \u00e8 pi\u00f9 un problema.\u00a0<\/strong><br \/>\nTi interessa il<strong> noleggio a lungo termine<\/strong>, ma non sai cosa fare della tua auto di propriet\u00e0 ?<\/p>\n<p>Comunicaci che tipo di auto hai da vendere, e ti faremo pervenire la miglior valutazione da parte della nostra societ\u00e0 di fiducia, presso la quale ci appoggiamo per la gestione usati.<\/p>\n<p>Quante pi\u00f9 informazioni ci fornirai, conformi allo stato d&#8217;uso dell&#8217;auto, tanto pi\u00f9 la valutazione sar\u00e0 veritiera e non ci saranno dubbi nel momento di verifica a visione dell&#8217;auto da parte dei nostri esperti.<\/p>\n<p>Ci occorrono delle foto, sia degli interni che degli esterni della vettura, una copia del libretto di circolazione ( fronte e retro), i km percorsi, l&#8217;indicazione del modello e dell&#8217;allestimento, gli optional in dotazione, lo stato d&#8217;uso del motore ( tagliandi regolari, problemi di qualsiasi natura e tipo).<br \/>\nCon queste informazioni, a stretto giro sapremo dirti la valutazione di ritiro.<\/p>\n<p>Se hai dubbi o domande, mettiti in contatto con la nostra organizzazione!<\/p>\n<p>Il servizio di ritiro auto usate \u00e8 comunque sempre vincolato alla sottoscrizione di un ordine di noleggio lungo termine.<\/p>\n","protected":false},"excerpt":{"rendered":"<p>Da oggi, il tuo usato non \u00e8 pi\u00f9 un problema.\u00a0 Ti interessa il noleggio a lungo termine, ma non sai cosa fare della tua auto di propriet\u00e0 ? Comunicaci che tipo di auto hai da vendere, e ti faremo pervenire la miglior valutazione da parte della nostra societ\u00e0 di fiducia, presso la quale ci appoggiamo per la gestione usati. Quante &#8230;<\/p>\n","protected":false},"author":1,"featured_media":0,"comment_status":"closed","ping_status":"open","sticky":false,"template":"","format":"standard","meta":{"footnotes":""},"categories":[2],"tags":[12,13,14,15],"yoast_head":"<!-- This site is optimized with the Yoast SEO plugin v21.5 - https:\/\/yoast.com\/wordpress\/plugins\/seo\/ -->\n<title>Permuta usato....se passi al noleggio. Noleggio a Lungo Termine<\/title>\n<meta name=\"description\" content=\"Noleggio Arona: il noleggio lungo termine - ritiro auto per noleggio lungo termine, noleggio lungo, permuta usato noleggio, permuta usato, Notizie.\" \/>\n<meta name=\"robots\" content=\"index, follow, max-snippet:-1, max-image-preview:large, max-video-preview:-1\" \/>\n<link rel=\"canonical\" href=\"http:\/\/www.noleggio-arona.it\/news\/notizie-noleggio-lungo-termine\/permuta-usato-se-passi-al-noleggio\" \/>\n<meta property=\"og:locale\" content=\"it_IT\" \/>\n<meta property=\"og:type\" content=\"article\" \/>\n<meta property=\"og:title\" content=\"Permuta usato....se passi al noleggio. Noleggio a Lungo Termine\" \/>\n<meta property=\"og:description\" content=\"Noleggio Arona: il noleggio lungo termine - ritiro auto per noleggio lungo termine, noleggio lungo, permuta usato noleggio, permuta usato, Notizie.\" \/>\n<meta property=\"og:url\" content=\"http:\/\/www.noleggio-arona.it\/news\/notizie-noleggio-lungo-termine\/permuta-usato-se-passi-al-noleggio\" \/>\n<meta property=\"og:site_name\" content=\"Noleggio a Lungo Termine\" \/>\n<meta property=\"article:published_time\" content=\"2015-07-05T14:53:55+00:00\" \/>\n<meta property=\"article:modified_time\" content=\"2015-07-05T16:14:25+00:00\" \/>\n<meta name=\"author\" content=\"nolar\" \/>\n<meta name=\"twitter:card\" content=\"summary_large_image\" \/>\n<meta name=\"twitter:label1\" content=\"Scritto da\" \/>\n\t<meta name=\"twitter:data1\" content=\"nolar\" \/>\n\t<meta name=\"twitter:label2\" content=\"Tempo di lettura stimato\" \/>\n\t<meta name=\"twitter:data2\" content=\"1 minuto\" \/>\n<script type=\"application\/ld+json\" class=\"yoast-schema-graph\">{\"@context\":\"https:\/\/schema.org\",\"@graph\":[{\"@type\":\"Article\",\"@id\":\"http:\/\/www.noleggio-arona.it\/news\/notizie-noleggio-lungo-termine\/permuta-usato-se-passi-al-noleggio#article\",\"isPartOf\":{\"@id\":\"http:\/\/www.noleggio-arona.it\/news\/notizie-noleggio-lungo-termine\/permuta-usato-se-passi-al-noleggio\"},\"author\":{\"name\":\"nolar\",\"@id\":\"http:\/\/www.noleggio-arona.it\/news\/#\/schema\/person\/547e4c8b761dd5f9eea4f96dc790e130\"},\"headline\":\"Permuta usato&#8230;.se passi al noleggio.\",\"datePublished\":\"2015-07-05T14:53:55+00:00\",\"dateModified\":\"2015-07-05T16:14:25+00:00\",\"mainEntityOfPage\":{\"@id\":\"http:\/\/www.noleggio-arona.it\/news\/notizie-noleggio-lungo-termine\/permuta-usato-se-passi-al-noleggio\"},\"wordCount\":184,\"publisher\":{\"@id\":\"http:\/\/www.noleggio-arona.it\/news\/#organization\"},\"keywords\":[\"ritiro auto per noleggio lungo termine\",\"noleggio lungo\",\"permuta usato noleggio\",\"permuta usato\"],\"articleSection\":[\"Notizie\"],\"inLanguage\":\"it-IT\"},{\"@type\":\"WebPage\",\"@id\":\"http:\/\/www.noleggio-arona.it\/news\/notizie-noleggio-lungo-termine\/permuta-usato-se-passi-al-noleggio\",\"url\":\"http:\/\/www.noleggio-arona.it\/news\/notizie-noleggio-lungo-termine\/permuta-usato-se-passi-al-noleggio\",\"name\":\"Permuta usato....se passi al noleggio. Noleggio a Lungo Termine\",\"isPartOf\":{\"@id\":\"http:\/\/www.noleggio-arona.it\/news\/#website\"},\"datePublished\":\"2015-07-05T14:53:55+00:00\",\"dateModified\":\"2015-07-05T16:14:25+00:00\",\"description\":\"Noleggio Arona: il noleggio lungo termine - ritiro auto per noleggio lungo termine, noleggio lungo, permuta usato noleggio, permuta usato, Notizie.\",\"breadcrumb\":{\"@id\":\"http:\/\/www.noleggio-arona.it\/news\/notizie-noleggio-lungo-termine\/permuta-usato-se-passi-al-noleggio#breadcrumb\"},\"inLanguage\":\"it-IT\",\"potentialAction\":[{\"@type\":\"ReadAction\",\"target\":[\"http:\/\/www.noleggio-arona.it\/news\/notizie-noleggio-lungo-termine\/permuta-usato-se-passi-al-noleggio\"]}]},{\"@type\":\"BreadcrumbList\",\"@id\":\"http:\/\/www.noleggio-arona.it\/news\/notizie-noleggio-lungo-termine\/permuta-usato-se-passi-al-noleggio#breadcrumb\",\"itemListElement\":[{\"@type\":\"ListItem\",\"position\":1,\"name\":\"Home\",\"item\":\"http:\/\/www.noleggio-arona.it\/news\"},{\"@type\":\"ListItem\",\"position\":2,\"name\":\"Permuta usato&#8230;.se passi al noleggio.\"}]},{\"@type\":\"WebSite\",\"@id\":\"http:\/\/www.noleggio-arona.it\/news\/#website\",\"url\":\"http:\/\/www.noleggio-arona.it\/news\/\",\"name\":\"Noleggio a Lungo Termine\",\"description\":\"Noleggio Arona - Noleggio Lungo Termine\",\"publisher\":{\"@id\":\"http:\/\/www.noleggio-arona.it\/news\/#organization\"},\"potentialAction\":[{\"@type\":\"SearchAction\",\"target\":{\"@type\":\"EntryPoint\",\"urlTemplate\":\"http:\/\/www.noleggio-arona.it\/news\/?s={search_term_string}\"},\"query-input\":\"required name=search_term_string\"}],\"inLanguage\":\"it-IT\"},{\"@type\":\"Organization\",\"@id\":\"http:\/\/www.noleggio-arona.it\/news\/#organization\",\"name\":\"Noleggio Arona\",\"url\":\"http:\/\/www.noleggio-arona.it\/news\/\",\"logo\":{\"@type\":\"ImageObject\",\"inLanguage\":\"it-IT\",\"@id\":\"http:\/\/www.noleggio-arona.it\/news\/#\/schema\/logo\/image\/\",\"url\":\"http:\/\/www.noleggio-arona.it\/news\/wp-content\/uploads\/2015\/07\/noleggio-arona-noleggio-lungo-termine-auto-furgoni-LOGO-300.jpg\",\"contentUrl\":\"http:\/\/www.noleggio-arona.it\/news\/wp-content\/uploads\/2015\/07\/noleggio-arona-noleggio-lungo-termine-auto-furgoni-LOGO-300.jpg\",\"width\":300,\"height\":73,\"caption\":\"Noleggio Arona\"},\"image\":{\"@id\":\"http:\/\/www.noleggio-arona.it\/news\/#\/schema\/logo\/image\/\"}},{\"@type\":\"Person\",\"@id\":\"http:\/\/www.noleggio-arona.it\/news\/#\/schema\/person\/547e4c8b761dd5f9eea4f96dc790e130\",\"name\":\"nolar\"}]}<\/script>\n<!-- \/ Yoast SEO plugin. -->","yoast_head_json":{"title":"Permuta usato....se passi al noleggio. Noleggio a Lungo Termine","description":"Noleggio Arona: il noleggio lungo termine - ritiro auto per noleggio lungo termine, noleggio lungo, permuta usato noleggio, permuta usato, Notizie.","robots":{"index":"index","follow":"follow","max-snippet":"max-snippet:-1","max-image-preview":"max-image-preview:large","max-video-preview":"max-video-preview:-1"},"canonical":"http:\/\/www.noleggio-arona.it\/news\/notizie-noleggio-lungo-termine\/permuta-usato-se-passi-al-noleggio","og_locale":"it_IT","og_type":"article","og_title":"Permuta usato....se passi al noleggio. Noleggio a Lungo Termine","og_description":"Noleggio Arona: il noleggio lungo termine - ritiro auto per noleggio lungo termine, noleggio lungo, permuta usato noleggio, permuta usato, Notizie.","og_url":"http:\/\/www.noleggio-arona.it\/news\/notizie-noleggio-lungo-termine\/permuta-usato-se-passi-al-noleggio","og_site_name":"Noleggio a Lungo Termine","article_published_time":"2015-07-05T14:53:55+00:00","article_modified_time":"2015-07-05T16:14:25+00:00","author":"nolar","twitter_card":"summary_large_image","twitter_misc":{"Scritto da":"nolar","Tempo di lettura stimato":"1 minuto"},"schema":{"@context":"https:\/\/schema.org","@graph":[{"@type":"Article","@id":"http:\/\/www.noleggio-arona.it\/news\/notizie-noleggio-lungo-termine\/permuta-usato-se-passi-al-noleggio#article","isPartOf":{"@id":"http:\/\/www.noleggio-arona.it\/news\/notizie-noleggio-lungo-termine\/permuta-usato-se-passi-al-noleggio"},"author":{"name":"nolar","@id":"http:\/\/www.noleggio-arona.it\/news\/#\/schema\/person\/547e4c8b761dd5f9eea4f96dc790e130"},"headline":"Permuta usato&#8230;.se passi al noleggio.","datePublished":"2015-07-05T14:53:55+00:00","dateModified":"2015-07-05T16:14:25+00:00","mainEntityOfPage":{"@id":"http:\/\/www.noleggio-arona.it\/news\/notizie-noleggio-lungo-termine\/permuta-usato-se-passi-al-noleggio"},"wordCount":184,"publisher":{"@id":"http:\/\/www.noleggio-arona.it\/news\/#organization"},"keywords":["ritiro auto per noleggio lungo termine","noleggio lungo","permuta usato noleggio","permuta usato"],"articleSection":["Notizie"],"inLanguage":"it-IT"},{"@type":"WebPage","@id":"http:\/\/www.noleggio-arona.it\/news\/notizie-noleggio-lungo-termine\/permuta-usato-se-passi-al-noleggio","url":"http:\/\/www.noleggio-arona.it\/news\/notizie-noleggio-lungo-termine\/permuta-usato-se-passi-al-noleggio","name":"Permuta usato....se passi al noleggio. Noleggio a Lungo Termine","isPartOf":{"@id":"http:\/\/www.noleggio-arona.it\/news\/#website"},"datePublished":"2015-07-05T14:53:55+00:00","dateModified":"2015-07-05T16:14:25+00:00","description":"Noleggio Arona: il noleggio lungo termine - ritiro auto per noleggio lungo termine, noleggio lungo, permuta usato noleggio, permuta usato, Notizie.","breadcrumb":{"@id":"http:\/\/www.noleggio-arona.it\/news\/notizie-noleggio-lungo-termine\/permuta-usato-se-passi-al-noleggio#breadcrumb"},"inLanguage":"it-IT","potentialAction":[{"@type":"ReadAction","target":["http:\/\/www.noleggio-arona.it\/news\/notizie-noleggio-lungo-termine\/permuta-usato-se-passi-al-noleggio"]}]},{"@type":"BreadcrumbList","@id":"http:\/\/www.noleggio-arona.it\/news\/notizie-noleggio-lungo-termine\/permuta-usato-se-passi-al-noleggio#breadcrumb","itemListElement":[{"@type":"ListItem","position":1,"name":"Home","item":"http:\/\/www.noleggio-arona.it\/news"},{"@type":"ListItem","position":2,"name":"Permuta usato&#8230;.se passi al noleggio."}]},{"@type":"WebSite","@id":"http:\/\/www.noleggio-arona.it\/news\/#website","url":"http:\/\/www.noleggio-arona.it\/news\/","name":"Noleggio a Lungo Termine","description":"Noleggio Arona - Noleggio Lungo Termine","publisher":{"@id":"http:\/\/www.noleggio-arona.it\/news\/#organization"},"potentialAction":[{"@type":"SearchAction","target":{"@type":"EntryPoint","urlTemplate":"http:\/\/www.noleggio-arona.it\/news\/?s={search_term_string}"},"query-input":"required name=search_term_string"}],"inLanguage":"it-IT"},{"@type":"Organization","@id":"http:\/\/www.noleggio-arona.it\/news\/#organization","name":"Noleggio Arona","url":"http:\/\/www.noleggio-arona.it\/news\/","logo":{"@type":"ImageObject","inLanguage":"it-IT","@id":"http:\/\/www.noleggio-arona.it\/news\/#\/schema\/logo\/image\/","url":"http:\/\/www.noleggio-arona.it\/news\/wp-content\/uploads\/2015\/07\/noleggio-arona-noleggio-lungo-termine-auto-furgoni-LOGO-300.jpg","contentUrl":"http:\/\/www.noleggio-arona.it\/news\/wp-content\/uploads\/2015\/07\/noleggio-arona-noleggio-lungo-termine-auto-furgoni-LOGO-300.jpg","width":300,"height":73,"caption":"Noleggio Arona"},"image":{"@id":"http:\/\/www.noleggio-arona.it\/news\/#\/schema\/logo\/image\/"}},{"@type":"Person","@id":"http:\/\/www.noleggio-arona.it\/news\/#\/schema\/person\/547e4c8b761dd5f9eea4f96dc790e130","name":"nolar"}]}},"_links":{"self":[{"href":"http:\/\/www.noleggio-arona.it\/news\/wp-json\/wp\/v2\/posts\/16"}],"collection":[{"href":"http:\/\/www.noleggio-arona.it\/news\/wp-json\/wp\/v2\/posts"}],"about":[{"href":"http:\/\/www.noleggio-arona.it\/news\/wp-json\/wp\/v2\/types\/post"}],"author":[{"embeddable":true,"href":"http:\/\/www.noleggio-arona.it\/news\/wp-json\/wp\/v2\/users\/1"}],"replies":[{"embeddable":true,"href":"http:\/\/www.noleggio-arona.it\/news\/wp-json\/wp\/v2\/comments?post=16"}],"version-history":[{"count":1,"href":"http:\/\/www.noleggio-arona.it\/news\/wp-json\/wp\/v2\/posts\/16\/revisions"}],"predecessor-version":[{"id":17,"href":"http:\/\/www.noleggio-arona.it\/news\/wp-json\/wp\/v2\/posts\/16\/revisions\/17"}],"wp:attachment":[{"href":"http:\/\/www.noleggio-arona.it\/news\/wp-json\/wp\/v2\/media?parent=16"}],"wp:term":[{"taxonomy":"category","embeddable":true,"href":"http:\/\/www.noleggio-arona.it\/news\/wp-json\/wp\/v2\/categories?post=16"},{"taxonomy":"post_tag","embeddable":true,"href":"http:\/\/www.noleggio-arona.it\/news\/wp-json\/wp\/v2\/tags?post=16"}],"curies":[{"name":"wp","href":"https:\/\/api.w.org\/{rel}","templated":true}]}}