{"id":220,"date":"2015-10-27T22:04:36","date_gmt":"2015-10-27T21:04:36","guid":{"rendered":"http:\/\/www.noleggio-arona.it\/news\/?p=220"},"modified":"2015-10-27T22:04:36","modified_gmt":"2015-10-27T21:04:36","slug":"noleggio-lungo-termine","status":"publish","type":"post","link":"http:\/\/www.noleggio-arona.it\/news\/notizie-noleggio-lungo-termine\/noleggio-lungo-termine","title":{"rendered":"Noleggio Lungo Termine"},"content":{"rendered":"<p>Noleggio Lungo Termine<\/p>\n<p>Il <strong>noleggio lungo termine<\/strong> \u00e8 la formula di acquisizione dell&#8217;auto alternativa all&#8217;acquisto.<\/p>\n<p>A fronte di un canone fisso mensile, si utilizza la vettura usufruendo di tutti i <strong>servizi<\/strong> accessori, erogati dalla societ\u00e0 di noleggio: assicurazione, manutenzioni, cambi gomme, auto sostitutiva.<\/p>\n<p>Il canone di noleggio \u00e8 altamente personalizzato: il cliente pu\u00f2 scegliere tra i modelli di tutte le case automobilistiche, impostando la percorrenza kilometrica prevista e la durata contrattuale.<\/p>\n<p>La nostra azienda si propone al cliente come migliore consulente per individuare, in base alle proprie esigenze, la soluzione pi\u00f9 adatta in termini di costi e benefici.<\/p>\n<p><strong>PERCHE&#8217; CONVIENE<\/strong><\/p>\n<p>Nessun immobilizzo di capitale: la societ\u00e0 cliente mantiene la propria capacit\u00e0 finanziaria, risparmiando in termini di interessi.<br \/>\nEliminazione dei costi amministrativi, totalmente a carico della societ\u00e0 di noleggio.<br \/>\nEliminazione dei \u201ccosti occulti\u201d legati alla gestione del parco auto ( gestione multe, gestione sinistri ecc)<br \/>\nDetraibilit\u00e0 fiscale<br \/>\nNessun onere o vincolo riguardo la gestione dell&#8217;usato.<\/p>\n<p><strong>Servizi inclusi<\/strong><\/p>\n<p><strong>ASSICURAZIONE<\/strong><br \/>\nLa protezione assicurativa per il veicolo \u00e8 completa attraverso i seguenti prodotti:<br \/>\n&#8211; Copertura Responsabilit\u00e0 Civile Auto<br \/>\n&#8211; Ricorso terzi da incendio<br \/>\n&#8211; Copertura infortuni del conducente (PAI) con possibilit\u00e0 di rimborso delle spese mediche ospedaliere<br \/>\n&#8211; Limitazione di responsabilit\u00e0 per incendio e furto, sia totale che parziale<br \/>\n&#8211; Limitazione di responsabilit\u00e0 per danni da circolazione ed altri rischi diversi (cristalli, eventi socio-politici inclusi vandalismo, eventi naturali), sia totale che parziale<br \/>\n&#8211; Carta verde per circolazione negli Stati aderenti<\/p>\n<p><strong>GESTIONE SINISTRI<\/strong><br \/>\nIl servizio di gestione sinistri libera il cliente da qualsiasi incombenza amministrativa e operativa conseguente al sinistro vettura.<br \/>\nL&#8217;unico obbligo \u00e8 di segnalare l&#8217;accaduto denunciando il sinistro e recandosi presso l&#8217;officina convenzionata di zona.<\/p>\n<p><strong>CAMBI GOMME<\/strong><br \/>\nSulla base delle specifiche esigenze del cliente, \u00e8 possibile impostare la sostituzione degli pneumatici , sia estivi che invernali, seguendo due tipologie di gestione<br \/>\n1.Al raggiungimento di una certa percorrenza kilometrica prestabilita, ed alla normale usura ( battistrada inferiore ai 3mm)<br \/>\n2.Sostituzione ad usura, senza un limite predefinito di gomme.<\/p>\n<p><strong>MANUTENZIONE<\/strong><br \/>\nPer garantire al cliente sempre la massima affidabilit\u00e0 della vettura, i veicoli sono soggetti alle manutenzioni ordinarie, cos\u00ec come previsto dalle case costruttrici, e a tutte le manutenzioni straordinarie, derivanti da guasti o incidenti.<\/p>\n<p><strong>SOCCORSO STRADALE<\/strong><br \/>\nIl servizio \u00e8 attivo sia in Italia che all&#8217;estero: prevede il soccorso e il trasporto del veicolo fino alla prima officina convenzionata di riferimento o alla prima concessionaria della casa costruttrice di appartenenza.<\/p>\n<p><strong>VETTURA SOSTITUTIVA<\/strong><br \/>\nIn caso di fermo tecnico, il contratto pu\u00f2 includere il servizio di auto sostitutiva, erogato tramite le principali societ\u00e0 di noleggio a breve termine.<br \/>\nLa durata del servizio ed il tipo di auto \u00e8 personalizzabile e variabile in funzione delle esigenze del cliente.<\/p>\n<p><strong>CARTA CARBURANTE<\/strong><br \/>\nLa carta carburante \u00e8 una carta di credito che permette al cliente di evitare di pagare in contanti, includendo la spesa per il carburante all&#8217;interno del canone di noleggio.<br \/>\nLa carta viene emessa ed accettata da alcune tra le principali compagnie petrolifere operanti in Italia e all&#8217;estero.<\/p>\n<p><strong>VETTURA IN PRE-ASSEGNAZIONE<\/strong><br \/>\nDurante l&#8217;attesa della consegna del veicolo ordinato, \u00e8 possibile richiedere una vettura in pre-assegnazione, per risolvere le esigenze di mobilit\u00e0.<\/p>\n<h5>\u00a0#noleggiolungotermine<\/h5>\n<p><a href=\"http:\/\/www.noleggio-arona.it\/noleggio-privati.php\" target=\"_blank\">Noleggio Lungo Termine anche per privati<\/a><\/p>\n<p><a href=\"http:\/\/www.noleggio-arona.it\/auto-cortesia-carrozzerie-officine.php\" target=\"_blank\">Noleggio Lungo Termine, auto sostitutiva per officine e carrozzerie<\/a><\/p>\n<p><a href=\"http:\/\/www.noleggio-arona.it\/preventivo-noleggio-lungo-termine.php\" target=\"_blank\">Noleggio Lungo Termine aziende, chiedi un preventivo<\/a><\/p>\n<p>&nbsp;<\/p>\n","protected":false},"excerpt":{"rendered":"<p>Noleggio Lungo Termine Il noleggio lungo termine \u00e8 la formula di acquisizione dell&#8217;auto alternativa all&#8217;acquisto. A fronte di un canone fisso mensile, si utilizza la vettura usufruendo di tutti i servizi accessori, erogati dalla societ\u00e0 di noleggio: assicurazione, manutenzioni, cambi gomme, auto sostitutiva. Il canone di noleggio \u00e8 altamente personalizzato: il cliente pu\u00f2 scegliere tra i modelli di tutte le &#8230;<\/p>\n","protected":false},"author":2,"featured_media":177,"comment_status":"closed","ping_status":"closed","sticky":false,"template":"","format":"standard","meta":{"footnotes":""},"categories":[2],"tags":[8,9,13,16,42,45,71,83],"yoast_head":"<!-- This site is optimized with the Yoast SEO plugin v21.5 - https:\/\/yoast.com\/wordpress\/plugins\/seo\/ -->\n<title>Noleggio Lungo Termine<\/title>\n<meta name=\"description\" content=\"Noleggio Lungo Termine, la formula innovativa per la tua mobilit\u00e0 , privata ed aziendale. Nessun obbligo di acquisto, tutti i servizi inclusi\" \/>\n<meta name=\"robots\" content=\"index, follow, max-snippet:-1, max-image-preview:large, max-video-preview:-1\" \/>\n<link rel=\"canonical\" href=\"http:\/\/www.noleggio-arona.it\/news\/notizie-noleggio-lungo-termine\/noleggio-lungo-termine\" \/>\n<meta property=\"og:locale\" content=\"it_IT\" \/>\n<meta property=\"og:type\" content=\"article\" \/>\n<meta property=\"og:title\" content=\"Noleggio Lungo Termine\" \/>\n<meta property=\"og:description\" content=\"Noleggio Lungo Termine, la formula innovativa per la tua mobilit\u00e0 , privata ed aziendale. Nessun obbligo di acquisto, tutti i servizi inclusi\" \/>\n<meta property=\"og:url\" content=\"http:\/\/www.noleggio-arona.it\/news\/notizie-noleggio-lungo-termine\/noleggio-lungo-termine\" \/>\n<meta property=\"og:site_name\" content=\"Noleggio a Lungo Termine\" \/>\n<meta property=\"article:published_time\" content=\"2015-10-27T21:04:36+00:00\" \/>\n<meta property=\"og:image\" content=\"http:\/\/www.noleggio-arona.it\/news\/wp-content\/uploads\/2015\/10\/noleggio_arona.jpg\" \/>\n\t<meta property=\"og:image:width\" content=\"813\" \/>\n\t<meta property=\"og:image:height\" content=\"197\" \/>\n\t<meta property=\"og:image:type\" content=\"image\/jpeg\" \/>\n<meta name=\"author\" content=\"lore\" \/>\n<meta name=\"twitter:card\" content=\"summary_large_image\" \/>\n<meta name=\"twitter:label1\" content=\"Scritto da\" \/>\n\t<meta name=\"twitter:data1\" content=\"lore\" \/>\n\t<meta name=\"twitter:label2\" content=\"Tempo di lettura stimato\" \/>\n\t<meta name=\"twitter:data2\" content=\"3 minuti\" \/>\n<script type=\"application\/ld+json\" class=\"yoast-schema-graph\">{\"@context\":\"https:\/\/schema.org\",\"@graph\":[{\"@type\":\"Article\",\"@id\":\"http:\/\/www.noleggio-arona.it\/news\/notizie-noleggio-lungo-termine\/noleggio-lungo-termine#article\",\"isPartOf\":{\"@id\":\"http:\/\/www.noleggio-arona.it\/news\/notizie-noleggio-lungo-termine\/noleggio-lungo-termine\"},\"author\":{\"name\":\"lore\",\"@id\":\"http:\/\/www.noleggio-arona.it\/news\/#\/schema\/person\/ec917668113d00d341d368777a7f8ed6\"},\"headline\":\"Noleggio Lungo Termine\",\"datePublished\":\"2015-10-27T21:04:36+00:00\",\"dateModified\":\"2015-10-27T21:04:36+00:00\",\"mainEntityOfPage\":{\"@id\":\"http:\/\/www.noleggio-arona.it\/news\/notizie-noleggio-lungo-termine\/noleggio-lungo-termine\"},\"wordCount\":526,\"publisher\":{\"@id\":\"http:\/\/www.noleggio-arona.it\/news\/#organization\"},\"keywords\":[\"noleggio lungo termine\",\"noleggio lungo auto\",\"noleggio lungo\",\"noleggio lungo privati\",\"noleggio lungo Fiat\",\"noleggio lungo veicoli commerciali\",\"gestione auto noleggio\",\"flotte\"],\"articleSection\":[\"Notizie\"],\"inLanguage\":\"it-IT\"},{\"@type\":\"WebPage\",\"@id\":\"http:\/\/www.noleggio-arona.it\/news\/notizie-noleggio-lungo-termine\/noleggio-lungo-termine\",\"url\":\"http:\/\/www.noleggio-arona.it\/news\/notizie-noleggio-lungo-termine\/noleggio-lungo-termine\",\"name\":\"Noleggio Lungo Termine\",\"isPartOf\":{\"@id\":\"http:\/\/www.noleggio-arona.it\/news\/#website\"},\"datePublished\":\"2015-10-27T21:04:36+00:00\",\"dateModified\":\"2015-10-27T21:04:36+00:00\",\"description\":\"Noleggio Lungo Termine, la formula innovativa per la tua mobilit\u00e0 , privata ed aziendale. Nessun obbligo di acquisto, tutti i servizi inclusi\",\"breadcrumb\":{\"@id\":\"http:\/\/www.noleggio-arona.it\/news\/notizie-noleggio-lungo-termine\/noleggio-lungo-termine#breadcrumb\"},\"inLanguage\":\"it-IT\",\"potentialAction\":[{\"@type\":\"ReadAction\",\"target\":[\"http:\/\/www.noleggio-arona.it\/news\/notizie-noleggio-lungo-termine\/noleggio-lungo-termine\"]}]},{\"@type\":\"BreadcrumbList\",\"@id\":\"http:\/\/www.noleggio-arona.it\/news\/notizie-noleggio-lungo-termine\/noleggio-lungo-termine#breadcrumb\",\"itemListElement\":[{\"@type\":\"ListItem\",\"position\":1,\"name\":\"Home\",\"item\":\"http:\/\/www.noleggio-arona.it\/news\"},{\"@type\":\"ListItem\",\"position\":2,\"name\":\"Noleggio Lungo Termine\"}]},{\"@type\":\"WebSite\",\"@id\":\"http:\/\/www.noleggio-arona.it\/news\/#website\",\"url\":\"http:\/\/www.noleggio-arona.it\/news\/\",\"name\":\"Noleggio a Lungo Termine\",\"description\":\"Noleggio Arona - Noleggio Lungo Termine\",\"publisher\":{\"@id\":\"http:\/\/www.noleggio-arona.it\/news\/#organization\"},\"potentialAction\":[{\"@type\":\"SearchAction\",\"target\":{\"@type\":\"EntryPoint\",\"urlTemplate\":\"http:\/\/www.noleggio-arona.it\/news\/?s={search_term_string}\"},\"query-input\":\"required name=search_term_string\"}],\"inLanguage\":\"it-IT\"},{\"@type\":\"Organization\",\"@id\":\"http:\/\/www.noleggio-arona.it\/news\/#organization\",\"name\":\"Noleggio Arona\",\"url\":\"http:\/\/www.noleggio-arona.it\/news\/\",\"logo\":{\"@type\":\"ImageObject\",\"inLanguage\":\"it-IT\",\"@id\":\"http:\/\/www.noleggio-arona.it\/news\/#\/schema\/logo\/image\/\",\"url\":\"http:\/\/www.noleggio-arona.it\/news\/wp-content\/uploads\/2015\/07\/noleggio-arona-noleggio-lungo-termine-auto-furgoni-LOGO-300.jpg\",\"contentUrl\":\"http:\/\/www.noleggio-arona.it\/news\/wp-content\/uploads\/2015\/07\/noleggio-arona-noleggio-lungo-termine-auto-furgoni-LOGO-300.jpg\",\"width\":300,\"height\":73,\"caption\":\"Noleggio Arona\"},\"image\":{\"@id\":\"http:\/\/www.noleggio-arona.it\/news\/#\/schema\/logo\/image\/\"}},{\"@type\":\"Person\",\"@id\":\"http:\/\/www.noleggio-arona.it\/news\/#\/schema\/person\/ec917668113d00d341d368777a7f8ed6\",\"name\":\"lore\"}]}<\/script>\n<!-- \/ Yoast SEO plugin. -->","yoast_head_json":{"title":"Noleggio Lungo Termine","description":"Noleggio Lungo Termine, la formula innovativa per la tua mobilit\u00e0 , privata ed aziendale. Nessun obbligo di acquisto, tutti i servizi inclusi","robots":{"index":"index","follow":"follow","max-snippet":"max-snippet:-1","max-image-preview":"max-image-preview:large","max-video-preview":"max-video-preview:-1"},"canonical":"http:\/\/www.noleggio-arona.it\/news\/notizie-noleggio-lungo-termine\/noleggio-lungo-termine","og_locale":"it_IT","og_type":"article","og_title":"Noleggio Lungo Termine","og_description":"Noleggio Lungo Termine, la formula innovativa per la tua mobilit\u00e0 , privata ed aziendale. Nessun obbligo di acquisto, tutti i servizi inclusi","og_url":"http:\/\/www.noleggio-arona.it\/news\/notizie-noleggio-lungo-termine\/noleggio-lungo-termine","og_site_name":"Noleggio a Lungo Termine","article_published_time":"2015-10-27T21:04:36+00:00","og_image":[{"width":813,"height":197,"url":"http:\/\/www.noleggio-arona.it\/news\/wp-content\/uploads\/2015\/10\/noleggio_arona.jpg","type":"image\/jpeg"}],"author":"lore","twitter_card":"summary_large_image","twitter_misc":{"Scritto da":"lore","Tempo di lettura stimato":"3 minuti"},"schema":{"@context":"https:\/\/schema.org","@graph":[{"@type":"Article","@id":"http:\/\/www.noleggio-arona.it\/news\/notizie-noleggio-lungo-termine\/noleggio-lungo-termine#article","isPartOf":{"@id":"http:\/\/www.noleggio-arona.it\/news\/notizie-noleggio-lungo-termine\/noleggio-lungo-termine"},"author":{"name":"lore","@id":"http:\/\/www.noleggio-arona.it\/news\/#\/schema\/person\/ec917668113d00d341d368777a7f8ed6"},"headline":"Noleggio Lungo Termine","datePublished":"2015-10-27T21:04:36+00:00","dateModified":"2015-10-27T21:04:36+00:00","mainEntityOfPage":{"@id":"http:\/\/www.noleggio-arona.it\/news\/notizie-noleggio-lungo-termine\/noleggio-lungo-termine"},"wordCount":526,"publisher":{"@id":"http:\/\/www.noleggio-arona.it\/news\/#organization"},"keywords":["noleggio lungo termine","noleggio lungo auto","noleggio lungo","noleggio lungo privati","noleggio lungo Fiat","noleggio lungo veicoli commerciali","gestione auto noleggio","flotte"],"articleSection":["Notizie"],"inLanguage":"it-IT"},{"@type":"WebPage","@id":"http:\/\/www.noleggio-arona.it\/news\/notizie-noleggio-lungo-termine\/noleggio-lungo-termine","url":"http:\/\/www.noleggio-arona.it\/news\/notizie-noleggio-lungo-termine\/noleggio-lungo-termine","name":"Noleggio Lungo Termine","isPartOf":{"@id":"http:\/\/www.noleggio-arona.it\/news\/#website"},"datePublished":"2015-10-27T21:04:36+00:00","dateModified":"2015-10-27T21:04:36+00:00","description":"Noleggio Lungo Termine, la formula innovativa per la tua mobilit\u00e0 , privata ed aziendale. Nessun obbligo di acquisto, tutti i servizi inclusi","breadcrumb":{"@id":"http:\/\/www.noleggio-arona.it\/news\/notizie-noleggio-lungo-termine\/noleggio-lungo-termine#breadcrumb"},"inLanguage":"it-IT","potentialAction":[{"@type":"ReadAction","target":["http:\/\/www.noleggio-arona.it\/news\/notizie-noleggio-lungo-termine\/noleggio-lungo-termine"]}]},{"@type":"BreadcrumbList","@id":"http:\/\/www.noleggio-arona.it\/news\/notizie-noleggio-lungo-termine\/noleggio-lungo-termine#breadcrumb","itemListElement":[{"@type":"ListItem","position":1,"name":"Home","item":"http:\/\/www.noleggio-arona.it\/news"},{"@type":"ListItem","position":2,"name":"Noleggio Lungo Termine"}]},{"@type":"WebSite","@id":"http:\/\/www.noleggio-arona.it\/news\/#website","url":"http:\/\/www.noleggio-arona.it\/news\/","name":"Noleggio a Lungo Termine","description":"Noleggio Arona - Noleggio Lungo Termine","publisher":{"@id":"http:\/\/www.noleggio-arona.it\/news\/#organization"},"potentialAction":[{"@type":"SearchAction","target":{"@type":"EntryPoint","urlTemplate":"http:\/\/www.noleggio-arona.it\/news\/?s={search_term_string}"},"query-input":"required name=search_term_string"}],"inLanguage":"it-IT"},{"@type":"Organization","@id":"http:\/\/www.noleggio-arona.it\/news\/#organization","name":"Noleggio Arona","url":"http:\/\/www.noleggio-arona.it\/news\/","logo":{"@type":"ImageObject","inLanguage":"it-IT","@id":"http:\/\/www.noleggio-arona.it\/news\/#\/schema\/logo\/image\/","url":"http:\/\/www.noleggio-arona.it\/news\/wp-content\/uploads\/2015\/07\/noleggio-arona-noleggio-lungo-termine-auto-furgoni-LOGO-300.jpg","contentUrl":"http:\/\/www.noleggio-arona.it\/news\/wp-content\/uploads\/2015\/07\/noleggio-arona-noleggio-lungo-termine-auto-furgoni-LOGO-300.jpg","width":300,"height":73,"caption":"Noleggio Arona"},"image":{"@id":"http:\/\/www.noleggio-arona.it\/news\/#\/schema\/logo\/image\/"}},{"@type":"Person","@id":"http:\/\/www.noleggio-arona.it\/news\/#\/schema\/person\/ec917668113d00d341d368777a7f8ed6","name":"lore"}]}},"_links":{"self":[{"href":"http:\/\/www.noleggio-arona.it\/news\/wp-json\/wp\/v2\/posts\/220"}],"collection":[{"href":"http:\/\/www.noleggio-arona.it\/news\/wp-json\/wp\/v2\/posts"}],"about":[{"href":"http:\/\/www.noleggio-arona.it\/news\/wp-json\/wp\/v2\/types\/post"}],"author":[{"embeddable":true,"href":"http:\/\/www.noleggio-arona.it\/news\/wp-json\/wp\/v2\/users\/2"}],"replies":[{"embeddable":true,"href":"http:\/\/www.noleggio-arona.it\/news\/wp-json\/wp\/v2\/comments?post=220"}],"version-history":[{"count":2,"href":"http:\/\/www.noleggio-arona.it\/news\/wp-json\/wp\/v2\/posts\/220\/revisions"}],"predecessor-version":[{"id":222,"href":"http:\/\/www.noleggio-arona.it\/news\/wp-json\/wp\/v2\/posts\/220\/revisions\/222"}],"wp:featuredmedia":[{"embeddable":true,"href":"http:\/\/www.noleggio-arona.it\/news\/wp-json\/wp\/v2\/media\/177"}],"wp:attachment":[{"href":"http:\/\/www.noleggio-arona.it\/news\/wp-json\/wp\/v2\/media?parent=220"}],"wp:term":[{"taxonomy":"category","embeddable":true,"href":"http:\/\/www.noleggio-arona.it\/news\/wp-json\/wp\/v2\/categories?post=220"},{"taxonomy":"post_tag","embeddable":true,"href":"http:\/\/www.noleggio-arona.it\/news\/wp-json\/wp\/v2\/tags?post=220"}],"curies":[{"name":"wp","href":"https:\/\/api.w.org\/{rel}","templated":true}]}}